{"id":63,"date":"2023-09-07T17:32:11","date_gmt":"2023-09-07T15:32:11","guid":{"rendered":"https:\/\/red-sky.com\/blog\/?p=63"},"modified":"2023-10-16T07:52:31","modified_gmt":"2023-10-16T05:52:31","slug":"juz-26-wrzesnia-1-edycja-founders-connect","status":"publish","type":"post","link":"https:\/\/red-sky.com\/blog\/juz-26-wrzesnia-1-edycja-founders-connect\/","title":{"rendered":"26 wrze\u015bnia b\u0119dziemy na Founders Connect!"},"content":{"rendered":"\n<p>Jeste\u015b founderem buduj\u0105cym globalny biznes? A mo\u017ce masz ju\u017c za sob\u0105 startupowy projekt lub jeste\u015b do\u015bwiadczonym managerem i chcia\u0142by\u015b podzieli\u0107 si\u0119 swoim know-how z za\u0142o\u017cycielami startup\u00f3w? We\u017a udzia\u0142 w Founders Connect, ju\u017c 26 wrze\u015bnia w Google for Startups Campus w Warszawie.<\/p>\n\n\n\n<p>Poznaj founder\u00f3w, kt\u00f3rzy skutecznie rozwin\u0119li swoje biznesy na rynkach mi\u0119dzynarodowych. Zainspiruj si\u0119 do\u015bwiadczeniami innych za\u0142o\u017cycieli i zarz\u0105dzaj\u0105cych. Dowiedz si\u0119, jak poradzili sobie z najwi\u0119kszymi wyzwaniami biznesowymi.&nbsp;<\/p>\n\n\n\n<p>Je\u015bli jeste\u015b:<\/p>\n\n\n\n<ul class=\"wp-block-list\">\n<li>za\u0142o\u017cycielem\/za\u0142o\u017cycielk\u0105 startupu,<\/li>\n\n\n\n<li>ex-founderem\/ex-founderk\u0105 otwartym\/\u0105 na nowe projekty startupowe,&nbsp;<\/li>\n\n\n\n<li>menad\u017cerem\/menad\u017cerk\u0105 z do\u015bwiadczeniem w \u015bwiecie biznesu zainteresowanym\/\u0105 rozwojem zawodowym w organizacji startupowej,<\/li>\n<\/ul>\n\n\n\n<p>Founders Connect to wydarzenie dla Ciebie!<\/p>\n\n\n\n<p>W\u015br\u00f3d speaker\u00f3w znajduj\u0105 si\u0119 Micha\u0142 Sadowski, CEO <a href=\"https:\/\/brand24.pl\/\" target=\"_blank\" rel=\"noopener\">Brand 24<\/a> i Mateusz Tarczy\u0144ski, CEO <a href=\"http:\/\/woodpecker.co\" target=\"_blank\" rel=\"noopener\">Woodpecker.co<\/a>. Warsztaty dla uczestnik\u00f3w poprowadz\u0105 Greg Albrecht, tw\u00f3rca <a href=\"https:\/\/albrechtpartners.com\/gregalbrechtpodcast\/\" target=\"_blank\" rel=\"noopener\">podcastu \u201cGreg Albrecht Podcast \u2013 Wszystkie Twarze Biznesu\u201d<\/a> i Adrian Migo\u0144, prezes zarz\u0105du Fundacji Inkubator Technologiczny, manager programu mentoringowego <a href=\"https:\/\/ybp.org.pl\/\" target=\"_blank\" rel=\"noopener\">Youth Business Poland<\/a>.<\/p>\n\n\n\n<p>Spotkanie odb\u0119dzie si\u0119 26 wrze\u015bnia 2023 r. w godzinach 17:00-21:30 w <a href=\"https:\/\/goo.gl\/maps\/v7bG6p5zS5fanGD17\" target=\"_blank\" rel=\"noopener\">Google for Startups Campus Warsaw<\/a>. Szczeg\u00f3\u0142owy program i mo\u017cliwo\u015b\u0107 rejestracji na wydarzenie: <a href=\"http:\/\/www.foundersconnect.pl\" target=\"_blank\" rel=\"noopener\">www.foundersconnect.pl<\/a>.<\/p>\n\n\n\n<p>Na wydarzenie zaprasza <a href=\"https:\/\/thcpathfinder.com\/pl\/\" target=\"_blank\" rel=\"noopener\">Tar Heel Capital Pathfinder<\/a>. Partnerem wspieraj\u0105cym jest <a href=\"https:\/\/startup.google.com\/\" target=\"_blank\" rel=\"noopener\">Google for Startups<\/a>. Partnerem merytorycznym jest <a href=\"https:\/\/albrechtpartners.com\/\" target=\"_blank\" rel=\"noopener\">Albrecht&amp;Partners<\/a>. Wsparcie medialne zapewnia MamStartup.<\/p>\n","protected":false},"excerpt":{"rendered":"<p>Dowiedz si\u0119, jak budowa\u0107 i skalowa\u0107 mi\u0119dzynarodowy biznes.<\/p>\n","protected":false},"author":2,"featured_media":69,"comment_status":"open","ping_status":"open","sticky":false,"template":"","format":"standard","meta":{"footnotes":""},"categories":[3,15,7],"tags":[23,25,18,16,24],"class_list":["post-63","post","type-post","status-publish","format-standard","has-post-thumbnail","hentry","category-pl","category-all","category-news","tag-event","tag-google","tag-startup","tag-venture-building","tag-wydarzenie"],"_links":{"self":[{"href":"https:\/\/red-sky.com\/blog\/wp-json\/wp\/v2\/posts\/63","targetHints":{"allow":["GET"]}}],"collection":[{"href":"https:\/\/red-sky.com\/blog\/wp-json\/wp\/v2\/posts"}],"about":[{"href":"https:\/\/red-sky.com\/blog\/wp-json\/wp\/v2\/types\/post"}],"author":[{"embeddable":true,"href":"https:\/\/red-sky.com\/blog\/wp-json\/wp\/v2\/users\/2"}],"replies":[{"embeddable":true,"href":"https:\/\/red-sky.com\/blog\/wp-json\/wp\/v2\/comments?post=63"}],"version-history":[{"count":3,"href":"https:\/\/red-sky.com\/blog\/wp-json\/wp\/v2\/posts\/63\/revisions"}],"predecessor-version":[{"id":73,"href":"https:\/\/red-sky.com\/blog\/wp-json\/wp\/v2\/posts\/63\/revisions\/73"}],"wp:featuredmedia":[{"embeddable":true,"href":"https:\/\/red-sky.com\/blog\/wp-json\/wp\/v2\/media\/69"}],"wp:attachment":[{"href":"https:\/\/red-sky.com\/blog\/wp-json\/wp\/v2\/media?parent=63"}],"wp:term":[{"taxonomy":"category","embeddable":true,"href":"https:\/\/red-sky.com\/blog\/wp-json\/wp\/v2\/categories?post=63"},{"taxonomy":"post_tag","embeddable":true,"href":"https:\/\/red-sky.com\/blog\/wp-json\/wp\/v2\/tags?post=63"}],"curies":[{"name":"wp","href":"https:\/\/api.w.org\/{rel}","templated":true}]}}